[{"@context":"https:\/\/schema.org\/","@type":"Article","@id":"https:\/\/www.wondergood.de\/spindleruv-mlyn\/#Article","mainEntityOfPage":"https:\/\/www.wondergood.de\/spindleruv-mlyn\/","headline":"\u0160pindler\u016fv ml\u00fdn","name":"\u0160pindler\u016fv ml\u00fdn","description":"Se tivesse de escolher um s\u00edtio preferido para passar as suas f\u00e9rias, qual seria? A maior parte das pessoas preferiria as Maldivas ou a Tail\u00e2ndia, especialmente quando est\u00e1 calor. E n\u00e3o conhe\u00e7o muitas pessoas que prefiram climas de inverno. Mas h\u00e1 pessoas que nunca v\u00e3o para o mar e s\u00f3 v\u00e3o para s\u00edtios com temperaturas [&hellip;]","datePublished":"2022-04-24","dateModified":"2022-04-24","author":{"@type":"Person","@id":"https:\/\/www.wondergood.de\/author\/#Person","name":"","url":"https:\/\/www.wondergood.de\/author\/","identifier":1,"image":{"@type":"ImageObject","@id":"https:\/\/secure.gravatar.com\/avatar\/9cae764794acc12213aa530e21558ed2bd96c03f91e0c3ad21cc1905765be658?s=96&d=mm&r=g","url":"https:\/\/secure.gravatar.com\/avatar\/9cae764794acc12213aa530e21558ed2bd96c03f91e0c3ad21cc1905765be658?s=96&d=mm&r=g","height":96,"width":96}},"publisher":{"@type":"Organization","name":"wondergood.de","logo":{"@type":"ImageObject","@id":"\/logo.png","url":"\/logo.png","width":600,"height":60}},"image":{"@type":"ImageObject","@id":"https:\/\/www.wondergood.de\/wp-content\/uploads\/history-2277366_1280.jpg","url":"https:\/\/www.wondergood.de\/wp-content\/uploads\/history-2277366_1280.jpg","height":0,"width":0},"url":"https:\/\/www.wondergood.de\/spindleruv-mlyn\/","wordCount":303,"articleBody":"Se tivesse de escolher um s\u00edtio preferido para passar as suas f\u00e9rias, qual seria? A maior parte das pessoas preferiria as Maldivas ou a Tail\u00e2ndia, especialmente quando est\u00e1 calor. E n\u00e3o conhe\u00e7o muitas pessoas que prefiram climas de inverno. Mas h\u00e1 pessoas que nunca v\u00e3o para o mar e s\u00f3 v\u00e3o para s\u00edtios com temperaturas m\u00e9dias. Eu n\u00e3o percebi nada disso e ele disse que s\u00f3 vai \u00e0 Europa e s\u00f3 gosta de pa\u00edses costeiros. Ele n\u00e3o gosta do frio, mas tamb\u00e9m n\u00e3o gosta de temperaturas muito altas. \u00c9 por isso que vou sempre a It\u00e1lia. Por exemplo, em novembro.  Na minha opini\u00e3o, \u00e9 indiferente. Se a pessoa se sentir confort\u00e1vel com ele e estiver realmente feliz com ele, ent\u00e3o est\u00e1 tudo bem. Se a pessoa se sente \u00e0 vontade e gosta de l\u00e1 estar, isso \u00e9 perfeitamente normal. Se a pessoa se sente realmente \u00e0 vontade durante as f\u00e9rias, isso \u00e9 perfeitamente normal. Ent\u00e3o deve estar l\u00e1 e n\u00e3o perguntar a algu\u00e9m se \u00e9 apropriado. O meu lugar preferido para ir \u00e9 Espanha.J\u00e1 estive algumas vezes na Cro\u00e1cia, mas as melhores f\u00e9rias foram na Cro\u00e1cia. Infelizmente, o meu pai j\u00e1 n\u00e3o est\u00e1 connosco. Nunca mais vou poder passar f\u00e9rias com o meu pai.E nunca mais me vou divertir tanto com o meu pai como quando l\u00e1 estive pela \u00faltima vez, h\u00e1 seis anos. Tinha 25 anos nessa altura. Para ser sincero, tenho muitas saudades do meu pai e \u00e9 uma pena que ele j\u00e1 n\u00e3o esteja connosco nas f\u00e9rias. Mas a vida \u00e9 assim. Por falar em f\u00e9rias, tem planos para uma pausa de Natal no inverno? O meu parceiro e eu estamos a planear. Vamos para Spindlaub Mlyn. J\u00e1 reserv\u00e1mos .                                                                                                                                                                                                                                                                                                                                                                                                 "},{"@context":"https:\/\/schema.org\/","@type":"BreadcrumbList","itemListElement":[{"@type":"ListItem","position":1,"name":"\u0160pindler\u016fv ml\u00fdn","item":"https:\/\/www.wondergood.de\/spindleruv-mlyn\/#breadcrumbitem"}]}]